{"id":921,"date":"2023-07-11T09:55:45","date_gmt":"2023-07-11T09:55:45","guid":{"rendered":"https:\/\/www.sinfoniamediacion.es\/?p=921"},"modified":"2023-07-11T09:58:41","modified_gmt":"2023-07-11T09:58:41","slug":"a-venenia-i-jornadas-de-mediacion-arbitraje-y-negociacion","status":"publish","type":"post","link":"https:\/\/sinfoniamediacion.es\/?p=921","title":{"rendered":"A-VENENCIA: I JORNADAS DE MEDIACI\u00d3N, ARBITRAJE Y NEGOCIACI\u00d3N"},"content":{"rendered":"<p>Con motivo de las I Jornadas de Mediaci\u00f3n, arbitraje y negociaci\u00f3n, publicaron ayer en el Diario de Jerez la entrevista que me hizo el director del peri\u00f3dico Don Daniel Lamparero. La comparto con vosotros porque tras leerla seguro que os apunt\u00e1is al mismo, como dice el titular: \u00abhay vida antes del Juzgado\u00bb<\/p>\n<p>&nbsp;<\/p>\n<header>\n<h1>Jerez albergar\u00e1 en septiembre el congreso \u2018A-Venencia&#8217; de mediaci\u00f3n, arbitraje y negociaci\u00f3n<\/h1>\n<ul>\n<li>Fernando Camis\u00f3n, organizador de las jornadas sobre la resoluci\u00f3n de conflictos en el mundo empresarial:\u00a0\u00abHay vida antes del Juzgado\u00bb<\/li>\n<li><a href=\"https:\/\/www.diariodejerez.es\/jerez\/Fernando-Camison-Asociacion-Madrilena-Mediadores_0_1630638670.html\">El abogado jerezano Fernando Camis\u00f3n, premiado por la Asociaci\u00f3n Madrile\u00f1a de Mediadores<\/a><\/li>\n<\/ul>\n<\/header>\n<p>&nbsp;<\/p>\n<div>\n<div>\n<figure id=\"media-holder_1723262577\"><img loading=\"lazy\" decoding=\"async\" src=\"https:\/\/www.diariodejerez.es\/2023\/07\/08\/jerez\/Fernando-Camison-mediador-despacho-Jerez_1809429145_188496231_667x375.jpg\" alt=\"Fernando Camis\u00f3n, abogado y mediador, en su despacho en Jerez.\" width=\"667\" height=\"375\" \/><figcaption>\n<div>\n<p>Fernando Camis\u00f3n, abogado y mediador, en su despacho en Jerez.<wbr><\/wbr><\/p>\n<\/div>\n<\/figcaption><\/figure>\n<\/div>\n<div>\n<section><small><small>D.L.M.<\/small><time itemprop=\"datePublished\">Jerez, 10 Julio, 2023 &#8211; 05:05h<\/time><\/small><\/p>\n<div>\n<p>&nbsp;<\/p>\n<\/div>\n<\/section>\n<div>\n<p>Jerez albergar\u00e1 del 7 al 9 de septiembre el\u00a0congreso \u2018A-Venencia. La resoluci\u00f3n de conflictos en el mundo empresarial\u2019, unas jornadas de mediaci\u00f3n, arbitraje y negociaci\u00f3n organizadas por\u00a0<a href=\"https:\/\/mediadoresvalladolid.com\/\" rel=\"dofollow noopener\" target=\"_blank\">Mediadores Valladolid<\/a>;\u00a0<a href=\"https:\/\/in-mediatio.net\/mediacion\" rel=\"dofollow noopener\" target=\"_blank\">In-Mediatio<\/a>, asociaci\u00f3n de mediadores y gestores de conflictos; y\u00a0<a href=\"https:\/\/www.facebook.com\/fcfabogados\/\" rel=\"dofollow noopener\" target=\"_blank\">FCF Abogados Jerez<\/a>, bufete de\u00a0Fernando Camis\u00f3n. Coorganizan la Universidad de C\u00e1diz, a trav\u00e9s de su\u00a0<a href=\"https:\/\/derecho.uca.es\/\" rel=\"dofollow noopener\" target=\"_blank\">Facultad de Derecho<\/a>, y la\u00a0<a href=\"https:\/\/camarajerez.es\/\" rel=\"dofollow noopener\" target=\"_blank\">C\u00e1mara de Comercio de Jerez<\/a>, con la colaboraci\u00f3n del\u00a0<a href=\"https:\/\/www.sherry.wine\/es\/marco-de-jerez\/el-consejo-regulador\" rel=\"dofollow noopener\" target=\"_blank\">Consejo Regulador<\/a>.<\/p>\n<p>Las inscripciones ya est\u00e1n abiertas en la\u00a0<a href=\"https:\/\/jornadasjerez.com\/\" rel=\"dofollow noopener\" target=\"_blank\">p\u00e1gina web oficial de las jornadas<\/a>, donde los interesados pueden obtener informaci\u00f3n del programa de los tres d\u00edas; jueves 7 y viernes 8 las actividades se desarrollar\u00e1n en el\u00a0Campus de la UCA\u00a0en Jerez y el s\u00e1bado 9 en la\u00a0C\u00e1mara de Comercio.<\/p>\n<div><\/div>\n<\/div>\n<\/div>\n<\/div>\n<p>https:\/\/www.diariodejerez.es\/jerez\/Jerez-congreso-venencia-mediacion-arbitraje-negociacion_0_1809419302.html<\/p>\n","protected":false},"excerpt":{"rendered":"<p>Con motivo de las I Jornadas de Mediaci\u00f3n, arbitraje y negociaci\u00f3n, publicaron ayer en el Diario de Jerez la entrevista que me hizo el director del peri\u00f3dico Don Daniel Lamparero. La comparto con vosotros porque tras leerla seguro que os apunt\u00e1is al mismo, como dice el titular: \u00abhay vida antes del Juzgado\u00bb &nbsp; Jerez albergar\u00e1 &hellip; <a class=\"read-excerpt\" href=\"https:\/\/sinfoniamediacion.es\/?p=921\">Continue reading <span class=\"meta-nav\">&raquo;<\/span><\/a><\/p>\n","protected":false},"author":1,"featured_media":0,"comment_status":"open","ping_status":"closed","sticky":false,"template":"","format":"standard","meta":{"footnotes":""},"categories":[1],"tags":[],"class_list":["post-921","post","type-post","status-publish","format-standard","hentry","category-sin-categoria"],"_links":{"self":[{"href":"https:\/\/sinfoniamediacion.es\/index.php?rest_route=\/wp\/v2\/posts\/921","targetHints":{"allow":["GET"]}}],"collection":[{"href":"https:\/\/sinfoniamediacion.es\/index.php?rest_route=\/wp\/v2\/posts"}],"about":[{"href":"https:\/\/sinfoniamediacion.es\/index.php?rest_route=\/wp\/v2\/types\/post"}],"author":[{"embeddable":true,"href":"https:\/\/sinfoniamediacion.es\/index.php?rest_route=\/wp\/v2\/users\/1"}],"replies":[{"embeddable":true,"href":"https:\/\/sinfoniamediacion.es\/index.php?rest_route=%2Fwp%2Fv2%2Fcomments&post=921"}],"version-history":[{"count":5,"href":"https:\/\/sinfoniamediacion.es\/index.php?rest_route=\/wp\/v2\/posts\/921\/revisions"}],"predecessor-version":[{"id":925,"href":"https:\/\/sinfoniamediacion.es\/index.php?rest_route=\/wp\/v2\/posts\/921\/revisions\/925"}],"wp:attachment":[{"href":"https:\/\/sinfoniamediacion.es\/index.php?rest_route=%2Fwp%2Fv2%2Fmedia&parent=921"}],"wp:term":[{"taxonomy":"category","embeddable":true,"href":"https:\/\/sinfoniamediacion.es\/index.php?rest_route=%2Fwp%2Fv2%2Fcategories&post=921"},{"taxonomy":"post_tag","embeddable":true,"href":"https:\/\/sinfoniamediacion.es\/index.php?rest_route=%2Fwp%2Fv2%2Ftags&post=921"}],"curies":[{"name":"wp","href":"https:\/\/api.w.org\/{rel}","templated":true}]}}