{"id":910,"date":"2022-01-12T12:52:04","date_gmt":"2022-01-12T12:52:04","guid":{"rendered":"https:\/\/www.sinfoniamediacion.es\/?p=910"},"modified":"2022-01-12T12:52:04","modified_gmt":"2022-01-12T12:52:04","slug":"sinfonia-mediacion-y-el-costurero","status":"publish","type":"post","link":"https:\/\/sinfoniamediacion.es\/?p=910","title":{"rendered":"SINFONIA MEDIACI\u00d3N Y EL COSTURERO"},"content":{"rendered":"<p>Este lunes he sido entrevistado por N\u00e9lide Garimez para su programa de radio de mediaci\u00f3n El Costurero. En su programa a trav\u00e9s de diversas entrevistas quiere dar a conocer la mediaci\u00f3n para todos aquellos que no son mediadores.<\/p>\n<p>Difundir la mediaci\u00f3n y hacerla llegar a todas las personas es un reto que en mayor o menor medida lo hacemos todos los que nos gusta y emociona nuestro trabajo.<\/p>\n<p>Quiero agradecer a N\u00e9lide que me haya elegido para iniciar la temporada de radio del 2022 y se que va a tener enormes \u00e9xitos con su programa.<\/p>\n<p>Os dejo el enlace del podcast por si quer\u00e9is compartir con nosotros ese ratito de mediaci\u00f3n. Est\u00e1 disponible en <a href=\"https:\/\/www.ivoox.com\/entrevista-a-fernando-camison-abogado-mediador-de-audios-mp3_rf_80722208_1.html?fbclid=IwAR2LqZL9M9IUUvVy7cqh2q2R1Pd8jiqMeA62ch6epH6E0YnpWlWjSromZrU\" target=\"_blank\">https:\/\/www.ivoox.com\/entrevista-a-fernando-camison&#8230;<\/a><\/p>\n<p><a href=\"https:\/\/sinfoniamediacion.es\/wp-content\/uploads\/2022\/01\/Enhebrador-de-agujas.jpg\"><img loading=\"lazy\" decoding=\"async\" class=\"aligncenter size-full wp-image-911\" title=\"Enhebrador de agujas\" src=\"https:\/\/sinfoniamediacion.es\/wp-content\/uploads\/2022\/01\/Enhebrador-de-agujas.jpg\" alt=\"\" width=\"526\" height=\"524\" srcset=\"https:\/\/sinfoniamediacion.es\/wp-content\/uploads\/2022\/01\/Enhebrador-de-agujas.jpg 526w, https:\/\/sinfoniamediacion.es\/wp-content\/uploads\/2022\/01\/Enhebrador-de-agujas-150x150.jpg 150w, https:\/\/sinfoniamediacion.es\/wp-content\/uploads\/2022\/01\/Enhebrador-de-agujas-300x298.jpg 300w\" sizes=\"auto, (max-width: 526px) 100vw, 526px\" \/><\/a><\/p>\n","protected":false},"excerpt":{"rendered":"<p>Este lunes he sido entrevistado por N\u00e9lide Garimez para su programa de radio de mediaci\u00f3n El Costurero. En su programa a trav\u00e9s de diversas entrevistas quiere dar a conocer la mediaci\u00f3n para todos aquellos que no son mediadores. Difundir la mediaci\u00f3n y hacerla llegar a todas las personas es un reto que en mayor o &hellip; <a class=\"read-excerpt\" href=\"https:\/\/sinfoniamediacion.es\/?p=910\">Continue reading <span class=\"meta-nav\">&raquo;<\/span><\/a><\/p>\n","protected":false},"author":1,"featured_media":0,"comment_status":"open","ping_status":"closed","sticky":false,"template":"","format":"standard","meta":{"footnotes":""},"categories":[1],"tags":[],"class_list":["post-910","post","type-post","status-publish","format-standard","hentry","category-sin-categoria"],"_links":{"self":[{"href":"https:\/\/sinfoniamediacion.es\/index.php?rest_route=\/wp\/v2\/posts\/910","targetHints":{"allow":["GET"]}}],"collection":[{"href":"https:\/\/sinfoniamediacion.es\/index.php?rest_route=\/wp\/v2\/posts"}],"about":[{"href":"https:\/\/sinfoniamediacion.es\/index.php?rest_route=\/wp\/v2\/types\/post"}],"author":[{"embeddable":true,"href":"https:\/\/sinfoniamediacion.es\/index.php?rest_route=\/wp\/v2\/users\/1"}],"replies":[{"embeddable":true,"href":"https:\/\/sinfoniamediacion.es\/index.php?rest_route=%2Fwp%2Fv2%2Fcomments&post=910"}],"version-history":[{"count":1,"href":"https:\/\/sinfoniamediacion.es\/index.php?rest_route=\/wp\/v2\/posts\/910\/revisions"}],"predecessor-version":[{"id":912,"href":"https:\/\/sinfoniamediacion.es\/index.php?rest_route=\/wp\/v2\/posts\/910\/revisions\/912"}],"wp:attachment":[{"href":"https:\/\/sinfoniamediacion.es\/index.php?rest_route=%2Fwp%2Fv2%2Fmedia&parent=910"}],"wp:term":[{"taxonomy":"category","embeddable":true,"href":"https:\/\/sinfoniamediacion.es\/index.php?rest_route=%2Fwp%2Fv2%2Fcategories&post=910"},{"taxonomy":"post_tag","embeddable":true,"href":"https:\/\/sinfoniamediacion.es\/index.php?rest_route=%2Fwp%2Fv2%2Ftags&post=910"}],"curies":[{"name":"wp","href":"https:\/\/api.w.org\/{rel}","templated":true}]}}