{"id":871,"date":"2020-10-10T15:42:55","date_gmt":"2020-10-10T15:42:55","guid":{"rendered":"https:\/\/www.sinfoniamediacion.es\/?p=871"},"modified":"2020-10-10T15:48:16","modified_gmt":"2020-10-10T15:48:16","slug":"educando-en-mediacion","status":"publish","type":"post","link":"https:\/\/sinfoniamediacion.es\/?p=871","title":{"rendered":"Educando en Mediaci\u00f3n"},"content":{"rendered":"<p style=\"text-align: justify;\"><strong>Es probable que mi alumnado salga de mis clases con m\u00e1s conocimientos sobre resoluci\u00f3n de conflictos<\/strong> -trabajo con ellos durante un curso acad\u00e9mico el m\u00f3dulo profesional de <em>\u00abMediaci\u00f3n Comunitaria\u00bb<\/em> en el Ciclo Formativo de Grado Superior de Integraci\u00f3n Social- <strong>pero lo que quiero de verdad es que crean y apliquen en sus vidas la mediaci\u00f3n como pr\u00e1ctica y did\u00e1ctica; que sean mediadores\/as en su entorno<\/strong>. En mis primeras clases descubro que no saben qu\u00e9 es la mediaci\u00f3n, ni qu\u00e9 es mediar, ni c\u00f3mo es posible que se creen espacios d\u00f3nde desde la voluntariedad y la neutralidad (entre otros principios) podamos dotar a las pers<span style=\"text-align: justify;\">onas de herramientas para que ellas sean las que lleguen a un cuerdo, en el que todos ganen y mucho\u00a0<\/span><span style=\"text-align: justify;\">menos que, todo eso, es posible con la participaci\u00f3n de esa tercera persona llamada mediador\/a.\u00a0<a href=\"https:\/\/sinfoniamediacion.es\/wp-content\/uploads\/2020\/10\/educaryensen\u0303ar.jpeg\"><img loading=\"lazy\" decoding=\"async\" class=\"alignright size-full wp-image-873\" title=\"educaryensen\u0303ar\" src=\"https:\/\/sinfoniamediacion.es\/wp-content\/uploads\/2020\/10\/educaryensen\u0303ar.jpeg\" alt=\"\" width=\"224\" height=\"224\" srcset=\"https:\/\/sinfoniamediacion.es\/wp-content\/uploads\/2020\/10\/educaryensen\u0303ar.jpeg 224w, https:\/\/sinfoniamediacion.es\/wp-content\/uploads\/2020\/10\/educaryensen\u0303ar-150x150.jpeg 150w\" sizes=\"auto, (max-width: 224px) 100vw, 224px\" \/><\/a><\/span><\/p>\n<p style=\"text-align: justify;\">Trabajo con ellos, especialmente, tres \u00e1mbitos de la mediaci\u00f3n: mediaci\u00f3n educativa, mediaci\u00f3n intercultural y mediaci\u00f3n familiar. Se sorprenden mucho cuando vamos recorriendo en cada uno de ellos las posibles opciones para hacer realidad esta pr\u00e1ctica. Me sorprendo mucho, con ellos, cuando descubro que esta pr\u00e1ctica a\u00fan a pesar de los a\u00f1os, no llega a impregnarse en nuestras vidas, recursos, espacios, conflictos, sociedad y forma de pensar. Quiz\u00e1 en estos tiempos que corren, m\u00e1s que nunca es necesario trabajar desde el respeto, la empat\u00eda, la escucha activa, la comprensi\u00f3n y el bien com\u00fan. Pero vemos, sin embargo, que los polos cada vez se alejan m\u00e1s, y que el sur est\u00e1 cada vez m\u00e1s al sur, y el norte cada vez m\u00e1s al norte, que los problemas sociales refuerzan la culpabilidad de unos pocos, y que ponerse de acuerdo pol\u00edticamente para salvar vidas es una haza\u00f1a dif\u00edcil y lenta. Este a\u00f1o lo har\u00e9 con m\u00e1s ganas y fuerza si cabe, y tratar\u00e9 de contagiar en m\u00ed alumnado mis ganas por generar una convivencia pac\u00edfica y de respeto a la diversidad, empezando conmigo misma, en mi aula, porque ya este \u00abbicho malo\u00bb me ha hecho trabajar y pensar de otra manera, y mirar la realidad desde otra perspectiva..<strong>.\u00bfo no es eso quiz\u00e1 la mediaci\u00f3n?<\/strong><\/p>\n<p style=\"text-align: justify;\"><em>Mar\u00eda Jos\u00e9 Mu\u00f1oz (Mediadora y Educadora)<\/em><\/p>\n<p>&nbsp;<\/p>\n","protected":false},"excerpt":{"rendered":"<p>Es probable que mi alumnado salga de mis clases con m\u00e1s conocimientos sobre resoluci\u00f3n de conflictos -trabajo con ellos durante un curso acad\u00e9mico el m\u00f3dulo profesional de \u00abMediaci\u00f3n Comunitaria\u00bb en el Ciclo Formativo de Grado Superior de Integraci\u00f3n Social- pero lo que quiero de verdad es que crean y apliquen en sus vidas la mediaci\u00f3n &hellip; <a class=\"read-excerpt\" href=\"https:\/\/sinfoniamediacion.es\/?p=871\">Continue reading <span class=\"meta-nav\">&raquo;<\/span><\/a><\/p>\n","protected":false},"author":1,"featured_media":0,"comment_status":"open","ping_status":"closed","sticky":false,"template":"","format":"standard","meta":{"footnotes":""},"categories":[1],"tags":[],"class_list":["post-871","post","type-post","status-publish","format-standard","hentry","category-sin-categoria"],"_links":{"self":[{"href":"https:\/\/sinfoniamediacion.es\/index.php?rest_route=\/wp\/v2\/posts\/871","targetHints":{"allow":["GET"]}}],"collection":[{"href":"https:\/\/sinfoniamediacion.es\/index.php?rest_route=\/wp\/v2\/posts"}],"about":[{"href":"https:\/\/sinfoniamediacion.es\/index.php?rest_route=\/wp\/v2\/types\/post"}],"author":[{"embeddable":true,"href":"https:\/\/sinfoniamediacion.es\/index.php?rest_route=\/wp\/v2\/users\/1"}],"replies":[{"embeddable":true,"href":"https:\/\/sinfoniamediacion.es\/index.php?rest_route=%2Fwp%2Fv2%2Fcomments&post=871"}],"version-history":[{"count":4,"href":"https:\/\/sinfoniamediacion.es\/index.php?rest_route=\/wp\/v2\/posts\/871\/revisions"}],"predecessor-version":[{"id":876,"href":"https:\/\/sinfoniamediacion.es\/index.php?rest_route=\/wp\/v2\/posts\/871\/revisions\/876"}],"wp:attachment":[{"href":"https:\/\/sinfoniamediacion.es\/index.php?rest_route=%2Fwp%2Fv2%2Fmedia&parent=871"}],"wp:term":[{"taxonomy":"category","embeddable":true,"href":"https:\/\/sinfoniamediacion.es\/index.php?rest_route=%2Fwp%2Fv2%2Fcategories&post=871"},{"taxonomy":"post_tag","embeddable":true,"href":"https:\/\/sinfoniamediacion.es\/index.php?rest_route=%2Fwp%2Fv2%2Ftags&post=871"}],"curies":[{"name":"wp","href":"https:\/\/api.w.org\/{rel}","templated":true}]}}