{"id":747,"date":"2018-01-19T17:20:08","date_gmt":"2018-01-19T17:20:08","guid":{"rendered":"https:\/\/www.sinfoniamediacion.es\/?p=747"},"modified":"2018-01-29T09:21:46","modified_gmt":"2018-01-29T09:21:46","slug":"participacion-de-sinfonia-mediacion-en-jornadas-de-mediacion-y-convivencia","status":"publish","type":"post","link":"https:\/\/sinfoniamediacion.es\/?p=747","title":{"rendered":"Participaci\u00f3n de Sinfon\u00eda Mediaci\u00f3n en Jornadas de mediaci\u00f3n y convivencia"},"content":{"rendered":"<p><strong>La actividad de Sinfon\u00eda Mediaci\u00f3n.<\/strong><\/p>\n<p>Hay personas que tienen el don de cambiar el mundo y tienen la energ\u00eda necesaria para hacer realidad sus proyectos e involucrar a los dem\u00e1s en ellos. Cuando M\u00f3nica y Mar comenzaron a pensar en constituirse en equipo de mediaci\u00f3n interdisciplinar probablemente no pensaron en que a\u00f1os despu\u00e9s no ser\u00edan las \u00fanicas locas del planeta creyentes en la mediaci\u00f3n, c\u00f3mo espacio en el que alcanzar acuerdos en los que todos ganen.<\/p>\n<div><a href=\"https:\/\/sinfoniamediacion.es\/wp-content\/uploads\/2018\/01\/admin-ajax3.jpg\"><img loading=\"lazy\" decoding=\"async\" class=\"aligncenter size-medium wp-image-754\" title=\"admin-ajax\" src=\"https:\/\/sinfoniamediacion.es\/wp-content\/uploads\/2018\/01\/admin-ajax3-300x117.jpg\" alt=\"\" width=\"300\" height=\"117\" srcset=\"https:\/\/sinfoniamediacion.es\/wp-content\/uploads\/2018\/01\/admin-ajax3-300x117.jpg 300w, https:\/\/sinfoniamediacion.es\/wp-content\/uploads\/2018\/01\/admin-ajax3.jpg 400w\" sizes=\"auto, (max-width: 300px) 100vw, 300px\" \/><\/a><a href=\"https:\/\/sinfoniamediacion.es\/wp-content\/uploads\/2018\/01\/111.jpg\"><img loading=\"lazy\" decoding=\"async\" class=\"aligncenter size-full wp-image-761\" title=\"111\" src=\"https:\/\/sinfoniamediacion.es\/wp-content\/uploads\/2018\/01\/111.jpg\" alt=\"\" width=\"834\" height=\"627\" srcset=\"https:\/\/sinfoniamediacion.es\/wp-content\/uploads\/2018\/01\/111.jpg 834w, https:\/\/sinfoniamediacion.es\/wp-content\/uploads\/2018\/01\/111-300x225.jpg 300w\" sizes=\"auto, (max-width: 834px) 100vw, 834px\" \/><\/a><\/div>\n<div>\n<p>No necesitaron m\u00e1s que cuatro cervezas y algunas tapas para embarcar al resto de socios en el proyecto y hasta hoy. Le dimos vueltas a c\u00f3mo iniciar nuestra actividad, porque aunque nos registramos como equipo de mediaci\u00f3n, nos faltaba un espacio m\u00e1s s\u00f3lido, social y formal en el que poder desarrollar nuestra actividad. Y sentados con otras cuatro cervezas, relejados y en buena compa\u00f1\u00eda siempre se piensa mejor, empezamos a darle forma a la posibilidad de constituirnos como asociaci\u00f3n.<\/p>\n<p>Algunas de nosotras ven\u00edamos ya participando de las AMPAS de nuestros coles y vimos en esta forma un espacio adecuado para empezar y desarrollarnos. En una servilleta de papel de bar, que raro, hicimos los primeros bocetos de logo y de nombre para la asociaci\u00f3n, dise\u00f1amos nuestra web, y en una inspiraci\u00f3n combinad<\/p>\n<p>a de notas musicales nace sinfon\u00eda mediaci\u00f3n porque \u201cComponer una sinfon\u00eda es construir un mundo con todos los medios posibles\u201d (Gustav Mahler). Desde entonces,\u00a0 y siete a\u00f1os despu\u00e9s, hemos ido creciendo en formaci\u00f3n, en experiencia y madurez, y aunque a\u00fan seguimos trabajando para hacer visible esta alternativa de resoluci\u00f3n de conflictos entre la ciudadan\u00eda, ahora m\u00e1s que nunca nos damos cuenta de que todo lo que llevamos hecho tiene sentido y que estar aqu\u00ed hoy pudiendo contarlo lo demuestra.<\/p>\n<p>Gracias por creer en que otras formas de llegar a acuerdos es posible, y por estar aqu\u00ed, creyendo con nosotros en un mundo mejor.<\/p>\n<p><strong>Formaci\u00f3n impartida en Mediaci\u00f3n:<\/strong><\/p>\n<p>1- Taller de resoluci\u00f3n de conflictos<\/p>\n<p>2- Gesti\u00f3n de emociones<\/p>\n<p>3- T\u00e9cnicas de mediaci\u00f3n<\/p>\n<p>4- Formas de mediar<\/p>\n<p>5- Mediaci\u00f3n civil y mercantil<\/p>\n<p>6- Mediaci\u00f3n electr\u00f3nica<\/p>\n<p>7- Modelos de mediaci\u00f3n<\/p>\n<p>8- Alternativas de acuerdo<\/p>\n<p><strong>Discusi\u00f3n en redes sociales y mantenimiento de la p\u00e1gina web <\/strong><a href=\"https:\/\/sinfoniamediacion.es\/\"><strong>https:\/\/sinfoniamediacion.es<\/strong><\/a><\/p>\n<p>En nuestro af\u00e1n por comunicarnos y comunicar a los dem\u00e1s creamos nuestra web (que ya ha recibido cerca de 300.000 visitas) y buscamos en las redes sociales conversaciones en las que apostar junto con otros profesionales\u00a0 y personas por el trabajo en colaboraci\u00f3n. Con la idea de sensibilizar y acercar esta alternativa a la ciudadan\u00eda redactamos e ilustramos el cuento \u201cLa mediaci\u00f3n con ojos de ni\u00f1os\u201d que puedes obtener gratuitamente desde nuestra web.<\/p>\n<p><strong>Proyectos que hemos realizado<\/strong><\/p>\n<ul>\n<li>Servicio de Mediaci\u00f3n privado.<\/li>\n<li>Firma de Convenios de colaboraci\u00f3n con Ayuntamientos<\/li>\n<li>Diversas Ponencias y art\u00edculos<\/li>\n<li>Cursos de Expertos y Jornadas pr\u00e1cticas<\/li>\n<li>Talleres en diferentes centros educativos para profesores, alumnos y padres.<\/li>\n<li>Participaci\u00f3n en programas de radio y televisi\u00f3n para la difusi\u00f3n de la mediaci\u00f3n.<\/li>\n<\/ul>\n<p><strong>\u00a0La mediaci\u00f3n familiar en nuestra ciudad, para muestra un bot\u00f3n<\/strong><\/p>\n<p>Como una carrera de un caracol, es decir avanzando, pero \u00bfa qu\u00e9 ritmo?, DESPACIO.<\/p>\n<p>Creemos que en Jerez existe ya un n\u00famero importante de personas formadas en mediaci\u00f3n, dado el n\u00famero de curr\u00edculos que recibimos en la asociaci\u00f3n, dichas personas tienen formaci\u00f3n\u00a0 pero pocos hacen mediaci\u00f3n.<\/p>\n<p>Las personas que preguntan por la mediaci\u00f3n piensan que es la administraci\u00f3n la que lo hace de forma gratuita y no saben o no se les informa que somos profesionales que le podemos dar ese servicio.<\/p>\n<p>Las personas nos preguntan que para que van a tener que ir a la mediaci\u00f3n si despu\u00e9s tienen que contratar a un abogado o tienen que seguir en terapia y piensan que se van a gastar el dinero dos veces<\/p>\n<p>Muchas veces cuando llegan derivados nos dicen: Me ha dicho mi abogado, el orientador escolar que\u00a0 esto va a ir bien sin m\u00e1s informaci\u00f3n.<\/p>\n<p>Los profesionales no derivan porque no est\u00e1n informados, Afortunadamente podemos decir que a nuestra asociaci\u00f3n si se nos han derivado asuntos por profesionales del derecho y por orientadores y el boca a boca que es fundamental.<\/p>\n<p><strong>\u00a0<\/strong><strong>Dificultades que \u00a0encuentra la mediaci\u00f3n como herramienta de resoluci\u00f3n de conflictos.<\/strong><\/p>\n<p><strong>\u00a0<\/strong><strong>\u00a0 \u00a0 \u00a0 \u00a0 \u00a0 \u00a0\u00a0<\/strong>Cuando le preguntamos a alguien en la calle que es la mediaci\u00f3n, m\u00e1s o menos todo el mundo es capaz de intuir lo que es y para lo que sirve, pero si le preguntas si alguna vez ha utilizado la mediaci\u00f3n la respuesta suele ser la misma YO PARA QU\u00c9<\/p>\n<p>Solo hemos tenido un caso que ambos que eran los dos trabajadores sociales que vinieron a la mediaci\u00f3n sabiendo lo que era y sabiendo que el medio que quer\u00edan usar.<\/p>\n<p><strong>\u00a0\u00bfEs el coste econ\u00f3mico la principal barrera de los mediados para asistir a mediaci\u00f3n?<\/strong><\/p>\n<p>NO, nosotros hemos llevado con servicios sociales mediaciones gratuitas y el problema que ni los trabajadores sociales sab\u00edan realmente para que serv\u00eda y no lo consideraban \u00fatil, y las personas llegaban sin saber para que les serv\u00eda.<\/p>\n<p>NOSOTROS llevamos pr\u00e1cticamente casos particulares y salen siempre contentos.<\/p>\n<p>El ANUNCIO DE LA TARJETA \u00bfPagar\u00edamos por ser nosotros mismos los que nos ayudemos a nosotros mismos? Desde mi punto de vista eso s\u00ed que no tiene precio.<\/p>\n<p>EL COSTE REALMENTE ES EMOCIONAL<\/p>\n<p>Es un recurso accesible, pero las personas no est\u00e1n acostumbradas a pagar por lo invisible. Pagar por ir al dentista 50 euros da la sensaci\u00f3n de que tiene un sentido. Pagar 50 euros sin confianza en un proceso que ya de antemano te duele cuesta. Creo que no valoramos que pagamos no s\u00f3lo por mejorar una situaci\u00f3n que afecta a dos partes, sino que pagamos por nuestra propia salud, emocional y ps\u00edquica.<\/p>\n<p><strong>\u00a0Algunas de las herramientas de un mediador\/a familiar desde nuestra experiencia.<\/strong><\/p>\n<p><strong>\u00a0<\/strong>Todas son importantes pero \u00e9stas de las que hablamos nos parecen indispensables:<\/p>\n<ol>\n<li>Creer en la mediaci\u00f3n y que lo que est\u00e1s haciendo es algo bueno \u00fatil y beneficioso para las personas que llegan con un problema.<\/li>\n<li>Crear confianza, que las personas que llegan conf\u00eden en ti y no se sientan juzgados.<\/li>\n<li>Saber comunicar y eliminar los ruidos, conseguir todos se sientan escuchados.<\/li>\n<li>Saber decir que NO, (As\u00ed no seguimos) que cuando algo creemos que no desean o es perjudicial parar la mediaci\u00f3n y hacerlos reflexionar, sepan que podemos decidir terminar con la mediaci\u00f3n.<\/li>\n<li>Muchos mediadores (cuando tienen pocas mediaciones) no se atreven a decir que un asunto no es mediable y derivar a tratamiento o al abogado. No se atreven a decir que ese caso concreto no es mediable o no est\u00e1 preparado.<\/li>\n<li>Saber gestionar las emociones<\/li>\n<li>Trabajar en co-mediaci\u00f3n<\/li>\n<li>El ingenio y el humor.<\/li>\n<li>Andamos hombro con hombro para conseguir la soluci\u00f3n del conflicto, la CERCAN\u00cdA<\/li>\n<li>REVISAR LA MEDIACI\u00d3N.<\/li>\n<\/ol>\n<p><strong>\u00a0<\/strong><strong>\u00a0Algunas propuestas para acercar la mediaci\u00f3n a la ciudadan\u00eda y convertirla en una apuesta de resoluci\u00f3n.<\/strong><\/p>\n<p><strong>\u00a0<\/strong>A.- Que la derivaci\u00f3n a la mediaci\u00f3n sea de car\u00e1cter temprano para evitar que en la mediaci\u00f3n se llegue tarde cuando ya se encuentra muy enquistado el problema para el cual se busca soluci\u00f3n.<\/p>\n<p>B.- Confianza en la mediaci\u00f3n de los que derivan y formaci\u00f3n a los que derivan para que pierdan el miedo: tanto abogados como terapeutas tengan informaci\u00f3n para identificar en qu\u00e9 casos es m\u00e1s beneficioso explic\u00e1ndoles que en ning\u00fan caso van a perder sus clientes o pacientes. NO SOMOS SU COMPETENCIA.<\/p>\n<p>C.- Tampoco puede olvidarse la labor de los mediadores que, en \u00faltimo t\u00e9rmino, han de dar confianza y convencer del acierto de la v\u00eda que se abre a quienes acuden a informarse.<\/p>\n<p>D.- Mayor implicaci\u00f3n de las Administraciones.<\/p>\n<p>&nbsp;<\/p>\n<p>&nbsp;<\/p>\n<p>&nbsp;<\/p>\n<p>&nbsp;<\/p>\n<p>&nbsp;<\/p>\n<p>&nbsp;<\/p>\n<\/div>\n","protected":false},"excerpt":{"rendered":"<p>La actividad de Sinfon\u00eda Mediaci\u00f3n. Hay personas que tienen el don de cambiar el mundo y tienen la energ\u00eda necesaria para hacer realidad sus proyectos e involucrar a los dem\u00e1s en ellos. Cuando M\u00f3nica y Mar comenzaron a pensar en constituirse en equipo de mediaci\u00f3n interdisciplinar probablemente no pensaron en que a\u00f1os despu\u00e9s no ser\u00edan &hellip; <a class=\"read-excerpt\" href=\"https:\/\/sinfoniamediacion.es\/?p=747\">Continue reading <span class=\"meta-nav\">&raquo;<\/span><\/a><\/p>\n","protected":false},"author":1,"featured_media":0,"comment_status":"open","ping_status":"closed","sticky":false,"template":"","format":"standard","meta":{"footnotes":""},"categories":[1],"tags":[],"class_list":["post-747","post","type-post","status-publish","format-standard","hentry","category-sin-categoria"],"_links":{"self":[{"href":"https:\/\/sinfoniamediacion.es\/index.php?rest_route=\/wp\/v2\/posts\/747","targetHints":{"allow":["GET"]}}],"collection":[{"href":"https:\/\/sinfoniamediacion.es\/index.php?rest_route=\/wp\/v2\/posts"}],"about":[{"href":"https:\/\/sinfoniamediacion.es\/index.php?rest_route=\/wp\/v2\/types\/post"}],"author":[{"embeddable":true,"href":"https:\/\/sinfoniamediacion.es\/index.php?rest_route=\/wp\/v2\/users\/1"}],"replies":[{"embeddable":true,"href":"https:\/\/sinfoniamediacion.es\/index.php?rest_route=%2Fwp%2Fv2%2Fcomments&post=747"}],"version-history":[{"count":7,"href":"https:\/\/sinfoniamediacion.es\/index.php?rest_route=\/wp\/v2\/posts\/747\/revisions"}],"predecessor-version":[{"id":752,"href":"https:\/\/sinfoniamediacion.es\/index.php?rest_route=\/wp\/v2\/posts\/747\/revisions\/752"}],"wp:attachment":[{"href":"https:\/\/sinfoniamediacion.es\/index.php?rest_route=%2Fwp%2Fv2%2Fmedia&parent=747"}],"wp:term":[{"taxonomy":"category","embeddable":true,"href":"https:\/\/sinfoniamediacion.es\/index.php?rest_route=%2Fwp%2Fv2%2Fcategories&post=747"},{"taxonomy":"post_tag","embeddable":true,"href":"https:\/\/sinfoniamediacion.es\/index.php?rest_route=%2Fwp%2Fv2%2Ftags&post=747"}],"curies":[{"name":"wp","href":"https:\/\/api.w.org\/{rel}","templated":true}]}}