{"id":726,"date":"2017-12-14T12:37:44","date_gmt":"2017-12-14T12:37:44","guid":{"rendered":"https:\/\/www.sinfoniamediacion.es\/?p=726"},"modified":"2017-12-14T12:51:28","modified_gmt":"2017-12-14T12:51:28","slug":"hace-dos-anos","status":"publish","type":"post","link":"https:\/\/sinfoniamediacion.es\/?p=726","title":{"rendered":"Hace dos a\u00f1os&#8230;"},"content":{"rendered":"<p>Hace ahora dos a\u00f1os que nos embarcamos en un proyecto de formaci\u00f3n, la realizacion de unas jornadas practicas de mediaci\u00f3n en Jerez.<\/p>\n<p>Contamos con mediadores de experiencia en distintos sectores que nos contaron sus vivencias y su forma de entender y hacer las cosas , la importacia de las emociones y de los sentimientos en mediaci\u00f3n.<\/p>\n<p>Contamos con <em><strong>mediadores con\u00bb alma\u00bb<\/strong> <\/em>que nos llegaron de forma muy cercana y que nos contagiaron su entusiamo, seguimos en contacto con ellos y con su trabajo y queremos compartirlo con vosotros tambi\u00e9n.<\/p>\n<p>&nbsp;<\/p>\n<p><strong>Jose Antonio Veiga Olivares<\/strong>, <a href=\"https:\/\/sinfoniamediacion.es\/wp-content\/uploads\/2017\/12\/el-balcon-del-mediador1.jpg\"><img loading=\"lazy\" decoding=\"async\" class=\"alignright  wp-image-733\" title=\"el balcon del mediador\" src=\"https:\/\/sinfoniamediacion.es\/wp-content\/uploads\/2017\/12\/el-balcon-del-mediador1-226x300.jpg\" alt=\"\" width=\"226\" height=\"300\" srcset=\"https:\/\/sinfoniamediacion.es\/wp-content\/uploads\/2017\/12\/el-balcon-del-mediador1-226x300.jpg 226w, https:\/\/sinfoniamediacion.es\/wp-content\/uploads\/2017\/12\/el-balcon-del-mediador1.jpg 477w\" sizes=\"auto, (max-width: 226px) 100vw, 226px\" \/><\/a>que nos dejo cautivados desde el primer dia y\u00a0 hemos tenido la oportunidad de colaborar con el en su programa de radio:<\/p>\n<p><em><strong>\u00a0\u00a0\u00a0\u00a0\u00a0\u00a0\u00a0\u00a0\u00a0\u00a0\u00a0\u00a0\u00a0\u00a0\u00a0\u00a0\u00a0\u00a0\u00a0\u00a0\u00a0\u00a0\u00a0\u00a0\u00a0\u00a0\u00a0\u00a0\u00a0\u00a0\u00a0\u00a0\u00a0\u00a0\u00a0\u00a0\u00a0\u00a0\u00a0\u00a0\u00a0\u00a0\u00a0\u00a0 \u00abEl Balc\u00f3n del Mediador\u00bb<\/strong><\/em><\/p>\n<p>&nbsp;<\/p>\n<p><a href=\"https:\/\/sinfoniamediacion.es\/wp-content\/uploads\/2017\/12\/elena1.jpg\"><img loading=\"lazy\" decoding=\"async\" class=\"wp-image-729 alignleft\" title=\"elena\" src=\"https:\/\/sinfoniamediacion.es\/wp-content\/uploads\/2017\/12\/elena1-263x300.jpg\" alt=\"\" width=\"263\" height=\"300\" srcset=\"https:\/\/sinfoniamediacion.es\/wp-content\/uploads\/2017\/12\/elena1-263x300.jpg 263w, https:\/\/sinfoniamediacion.es\/wp-content\/uploads\/2017\/12\/elena1.jpg 489w\" sizes=\"auto, (max-width: 263px) 100vw, 263px\" \/><\/a><\/p>\n<p>Y <strong>Elena Baixauli Gallego<\/strong>, una mediadora de coraz\u00f3n, actualmente ha escrito un libro fant\u00e1stico que recomendamos <em><strong>\u00abSue\u00f1o con mediar<\/strong><\/em>\u00ab, como ella dice:<\/p>\n<p>\u00bfPor qu\u00e9 no so\u00f1ar y desear que ese sue\u00f1o no se acabe?<\/p>\n<p>&nbsp;<\/p>\n<p>&nbsp;<\/p>\n","protected":false},"excerpt":{"rendered":"<p>Hace ahora dos a\u00f1os que nos embarcamos en un proyecto de formaci\u00f3n, la realizacion de unas jornadas practicas de mediaci\u00f3n en Jerez. Contamos con mediadores de experiencia en distintos sectores que nos contaron sus vivencias y su forma de entender y hacer las cosas , la importacia de las emociones y de los sentimientos en &hellip; <a class=\"read-excerpt\" href=\"https:\/\/sinfoniamediacion.es\/?p=726\">Continue reading <span class=\"meta-nav\">&raquo;<\/span><\/a><\/p>\n","protected":false},"author":1,"featured_media":0,"comment_status":"open","ping_status":"closed","sticky":false,"template":"","format":"standard","meta":{"footnotes":""},"categories":[1],"tags":[],"class_list":["post-726","post","type-post","status-publish","format-standard","hentry","category-sin-categoria"],"_links":{"self":[{"href":"https:\/\/sinfoniamediacion.es\/index.php?rest_route=\/wp\/v2\/posts\/726","targetHints":{"allow":["GET"]}}],"collection":[{"href":"https:\/\/sinfoniamediacion.es\/index.php?rest_route=\/wp\/v2\/posts"}],"about":[{"href":"https:\/\/sinfoniamediacion.es\/index.php?rest_route=\/wp\/v2\/types\/post"}],"author":[{"embeddable":true,"href":"https:\/\/sinfoniamediacion.es\/index.php?rest_route=\/wp\/v2\/users\/1"}],"replies":[{"embeddable":true,"href":"https:\/\/sinfoniamediacion.es\/index.php?rest_route=%2Fwp%2Fv2%2Fcomments&post=726"}],"version-history":[{"count":9,"href":"https:\/\/sinfoniamediacion.es\/index.php?rest_route=\/wp\/v2\/posts\/726\/revisions"}],"predecessor-version":[{"id":731,"href":"https:\/\/sinfoniamediacion.es\/index.php?rest_route=\/wp\/v2\/posts\/726\/revisions\/731"}],"wp:attachment":[{"href":"https:\/\/sinfoniamediacion.es\/index.php?rest_route=%2Fwp%2Fv2%2Fmedia&parent=726"}],"wp:term":[{"taxonomy":"category","embeddable":true,"href":"https:\/\/sinfoniamediacion.es\/index.php?rest_route=%2Fwp%2Fv2%2Fcategories&post=726"},{"taxonomy":"post_tag","embeddable":true,"href":"https:\/\/sinfoniamediacion.es\/index.php?rest_route=%2Fwp%2Fv2%2Ftags&post=726"}],"curies":[{"name":"wp","href":"https:\/\/api.w.org\/{rel}","templated":true}]}}