{"id":701,"date":"2016-01-21T12:48:59","date_gmt":"2016-01-21T12:48:59","guid":{"rendered":"https:\/\/www.sinfoniamediacion.es\/?p=701"},"modified":"2016-01-21T12:57:32","modified_gmt":"2016-01-21T12:57:32","slug":"sinfonia-mediacion-tambien-participa-del-dia-de-la-mediacion","status":"publish","type":"post","link":"https:\/\/sinfoniamediacion.es\/?p=701","title":{"rendered":"Sinfon\u00eda Mediaci\u00f3n con el del d\u00eda de la Mediaci\u00f3n"},"content":{"rendered":"<p style=\"text-align: justify;\">Ayer, la presidenta de nuestra asociaci\u00f3n asisti\u00f3 a la invitaci\u00f3n realizada por la Secretar\u00eda General de Justicia, junto con otros representant<img loading=\"lazy\" decoding=\"async\" class=\"wp-image-702 alignright\" title=\"diamediacio\u0301n\" src=\"https:\/\/sinfoniamediacion.es\/wp-content\/uploads\/2016\/01\/diamediacio\u0301n-300x225.jpg\" alt=\"\" width=\"189\" height=\"142\" srcset=\"https:\/\/sinfoniamediacion.es\/wp-content\/uploads\/2016\/01\/diamediacio\u0301n-300x225.jpg 300w, https:\/\/sinfoniamediacion.es\/wp-content\/uploads\/2016\/01\/diamediacio\u0301n-1024x768.jpg 1024w, https:\/\/sinfoniamediacion.es\/wp-content\/uploads\/2016\/01\/diamediacio\u0301n.jpg 1600w\" sizes=\"auto, (max-width: 189px) 100vw, 189px\" \/>es de entidades y asociaciones, como acto de conmemoraci\u00f3n del<strong> d\u00eda de la Mediaci\u00f3n que se celebra hoy 21 de Enero.<\/strong> Desde Sinfon\u00eda Mediaci\u00f3n apostamos por la mediaci\u00f3n, en sus distintos \u00e1mbitos, como alternativa v\u00e1lida para la resoluci\u00f3n de conflictos y el mejor camino para llegar al mejor de los acuerdos en el que todos ganen. Este a\u00f1o, como en los anteriores, seguiremos trabajando por la sensibilizaci\u00f3n, la formaci\u00f3n, la paz, la no violencia y el ejercicio de la mediaci\u00f3n para aportar nuestro granito de arena por un mundo mejor.<\/p>\n<p style=\"text-align: center;\"><em><strong>\u00abLa paz comienza con una sonrisa\u00bb (Madre Teresa de Calcuta)\u00a0<\/strong><\/em><\/p>\n","protected":false},"excerpt":{"rendered":"<p>Ayer, la presidenta de nuestra asociaci\u00f3n asisti\u00f3 a la invitaci\u00f3n realizada por la Secretar\u00eda General de Justicia, junto con otros representantes de entidades y asociaciones, como acto de conmemoraci\u00f3n del d\u00eda de la Mediaci\u00f3n que se celebra hoy 21 de Enero. Desde Sinfon\u00eda Mediaci\u00f3n apostamos por la mediaci\u00f3n, en sus distintos \u00e1mbitos, como alternativa v\u00e1lida &hellip; <a class=\"read-excerpt\" href=\"https:\/\/sinfoniamediacion.es\/?p=701\">Continue reading <span class=\"meta-nav\">&raquo;<\/span><\/a><\/p>\n","protected":false},"author":1,"featured_media":0,"comment_status":"open","ping_status":"closed","sticky":false,"template":"","format":"standard","meta":{"footnotes":""},"categories":[1],"tags":[],"class_list":["post-701","post","type-post","status-publish","format-standard","hentry","category-sin-categoria"],"_links":{"self":[{"href":"https:\/\/sinfoniamediacion.es\/index.php?rest_route=\/wp\/v2\/posts\/701","targetHints":{"allow":["GET"]}}],"collection":[{"href":"https:\/\/sinfoniamediacion.es\/index.php?rest_route=\/wp\/v2\/posts"}],"about":[{"href":"https:\/\/sinfoniamediacion.es\/index.php?rest_route=\/wp\/v2\/types\/post"}],"author":[{"embeddable":true,"href":"https:\/\/sinfoniamediacion.es\/index.php?rest_route=\/wp\/v2\/users\/1"}],"replies":[{"embeddable":true,"href":"https:\/\/sinfoniamediacion.es\/index.php?rest_route=%2Fwp%2Fv2%2Fcomments&post=701"}],"version-history":[{"count":4,"href":"https:\/\/sinfoniamediacion.es\/index.php?rest_route=\/wp\/v2\/posts\/701\/revisions"}],"predecessor-version":[{"id":705,"href":"https:\/\/sinfoniamediacion.es\/index.php?rest_route=\/wp\/v2\/posts\/701\/revisions\/705"}],"wp:attachment":[{"href":"https:\/\/sinfoniamediacion.es\/index.php?rest_route=%2Fwp%2Fv2%2Fmedia&parent=701"}],"wp:term":[{"taxonomy":"category","embeddable":true,"href":"https:\/\/sinfoniamediacion.es\/index.php?rest_route=%2Fwp%2Fv2%2Fcategories&post=701"},{"taxonomy":"post_tag","embeddable":true,"href":"https:\/\/sinfoniamediacion.es\/index.php?rest_route=%2Fwp%2Fv2%2Ftags&post=701"}],"curies":[{"name":"wp","href":"https:\/\/api.w.org\/{rel}","templated":true}]}}