{"id":675,"date":"2015-11-10T22:16:59","date_gmt":"2015-11-10T22:16:59","guid":{"rendered":"https:\/\/www.sinfoniamediacion.es\/?p=675"},"modified":"2015-11-10T22:16:59","modified_gmt":"2015-11-10T22:16:59","slug":"abierto-plazo-de-matricula-en-las-jornadas-sobre-la-practica-en-mediacion","status":"publish","type":"post","link":"https:\/\/sinfoniamediacion.es\/?p=675","title":{"rendered":"Abierto plazo de matr\u00edcula en las Jornadas sobre la pr\u00e1ctica en mediaci\u00f3n"},"content":{"rendered":"<p style=\"text-align: justify;\"><em>Sinfon\u00eda Mediaci\u00f3n y Mediador Andaluc\u00eda<\/em> con la colaboraci\u00f3n del <em>Ilustre <a href=\"https:\/\/sinfoniamediacion.es\/wp-content\/uploads\/2015\/09\/cartelJornadas_Practicamediacion1.jpg\"><img loading=\"lazy\" decoding=\"async\" class=\"alignright size-medium wp-image-677\" title=\"cartelJornadas_Practicamediacion\" src=\"https:\/\/sinfoniamediacion.es\/wp-content\/uploads\/2015\/09\/cartelJornadas_Practicamediacion1-212x300.jpg\" alt=\"\" width=\"212\" height=\"300\" srcset=\"https:\/\/sinfoniamediacion.es\/wp-content\/uploads\/2015\/09\/cartelJornadas_Practicamediacion1-212x300.jpg 212w, https:\/\/sinfoniamediacion.es\/wp-content\/uploads\/2015\/09\/cartelJornadas_Practicamediacion1-724x1024.jpg 724w, https:\/\/sinfoniamediacion.es\/wp-content\/uploads\/2015\/09\/cartelJornadas_Practicamediacion1.jpg 1240w\" sizes=\"auto, (max-width: 212px) 100vw, 212px\" \/><\/a>Colegio de Abogados de Jerez y Fundaci\u00f3n Did\u00e1ctica<\/em> organizar\u00e1n el pr\u00f3ximo <strong>11 de diciembre de 2015<\/strong>, las <strong>Jornadas sobre la Pr\u00e1ctica en <span style=\"color: #808000;\">Mediaci\u00f3n<\/span>\u00a0<\/strong>con el objetivo de <strong>difundir la mediaci\u00f3n desde un punto de vista pr\u00e1ctico<\/strong>. Las jornadas, que se celebrar\u00e1n en las instalaciones del Ilustre Colegio \u00a0de Abogados de Jerez se dividir\u00e1n en sesiones de ma\u00f1ana y tarde. Contaremos con <em>relevantes ponentes y simulaciones pr\u00e1cticas<\/em> de mediaciones en las que conocer e implementar las principales t\u00e9cnicas de esta t\u00e9cnica de resoluci\u00f3n de conflictos. Dirigido a personas y profesionales interesadas en iniciarse o perfeccionarse en esta t\u00e9cnica, <strong>la Jornada se certificar\u00e1 con 8 horas de formaci\u00f3n continua. <\/strong>Si est\u00e1s <strong>interesado en conocer con m\u00e1s detalle el programa<\/strong> <strong><a href=\"https:\/\/drive.google.com\/file\/d\/0B4yhqAiv1AYCT0F1bktOZm1zRmM\/view?usp=sharing \">pincha aqu\u00ed\u00a0<\/a>\u00a0<\/strong>y si tienes claro que te interesa, <strong><a href=\"https:\/\/docs.google.com\/forms\/d\/1Wmu9G5rymi4BYgVCCyfmwHr4KD0zdv3cuesqqGsFry0\/viewform?usp=send_form\">cumplimenta nuestra solicitud de inscripci\u00f3n en las Jornadas.<\/a>\u00a0<\/strong>Las plazas se reservar\u00e1n por riguroso orden de llegada.<\/p>\n<p style=\"text-align: justify;\"><em>Para cualquier duda o consulta puedes escribirnos a:<\/em><\/p>\n<p style=\"text-align: left;\"><span style=\"color: #808000;\">info@sinfoniamediacion.es<\/span> o <span style=\"color: #808000;\">jornadas@mediadorandalucia.com<\/span><\/p>\n<p style=\"text-align: justify;\">\n","protected":false},"excerpt":{"rendered":"<p>Sinfon\u00eda Mediaci\u00f3n y Mediador Andaluc\u00eda con la colaboraci\u00f3n del Ilustre Colegio de Abogados de Jerez y Fundaci\u00f3n Did\u00e1ctica organizar\u00e1n el pr\u00f3ximo 11 de diciembre de 2015, las Jornadas sobre la Pr\u00e1ctica en Mediaci\u00f3n\u00a0con el objetivo de difundir la mediaci\u00f3n desde un punto de vista pr\u00e1ctico. Las jornadas, que se celebrar\u00e1n en las instalaciones del Ilustre &hellip; <a class=\"read-excerpt\" href=\"https:\/\/sinfoniamediacion.es\/?p=675\">Continue reading <span class=\"meta-nav\">&raquo;<\/span><\/a><\/p>\n","protected":false},"author":1,"featured_media":0,"comment_status":"open","ping_status":"closed","sticky":false,"template":"","format":"standard","meta":{"footnotes":""},"categories":[5,1,21],"tags":[],"class_list":["post-675","post","type-post","status-publish","format-standard","hentry","category-formacion-continua","category-sin-categoria","category-resolucion-de-conflictos-2"],"_links":{"self":[{"href":"https:\/\/sinfoniamediacion.es\/index.php?rest_route=\/wp\/v2\/posts\/675","targetHints":{"allow":["GET"]}}],"collection":[{"href":"https:\/\/sinfoniamediacion.es\/index.php?rest_route=\/wp\/v2\/posts"}],"about":[{"href":"https:\/\/sinfoniamediacion.es\/index.php?rest_route=\/wp\/v2\/types\/post"}],"author":[{"embeddable":true,"href":"https:\/\/sinfoniamediacion.es\/index.php?rest_route=\/wp\/v2\/users\/1"}],"replies":[{"embeddable":true,"href":"https:\/\/sinfoniamediacion.es\/index.php?rest_route=%2Fwp%2Fv2%2Fcomments&post=675"}],"version-history":[{"count":18,"href":"https:\/\/sinfoniamediacion.es\/index.php?rest_route=\/wp\/v2\/posts\/675\/revisions"}],"predecessor-version":[{"id":699,"href":"https:\/\/sinfoniamediacion.es\/index.php?rest_route=\/wp\/v2\/posts\/675\/revisions\/699"}],"wp:attachment":[{"href":"https:\/\/sinfoniamediacion.es\/index.php?rest_route=%2Fwp%2Fv2%2Fmedia&parent=675"}],"wp:term":[{"taxonomy":"category","embeddable":true,"href":"https:\/\/sinfoniamediacion.es\/index.php?rest_route=%2Fwp%2Fv2%2Fcategories&post=675"},{"taxonomy":"post_tag","embeddable":true,"href":"https:\/\/sinfoniamediacion.es\/index.php?rest_route=%2Fwp%2Fv2%2Ftags&post=675"}],"curies":[{"name":"wp","href":"https:\/\/api.w.org\/{rel}","templated":true}]}}