{"id":616,"date":"2015-01-18T19:44:27","date_gmt":"2015-01-18T19:44:27","guid":{"rendered":"https:\/\/www.sinfoniamediacion.es\/?p=616"},"modified":"2015-01-18T19:44:27","modified_gmt":"2015-01-18T19:44:27","slug":"jornadas-hacia-una-cultura-de-la-mediacion","status":"publish","type":"post","link":"https:\/\/sinfoniamediacion.es\/?p=616","title":{"rendered":"Jornadas \u00abHacia una Cultura de la Mediaci\u00f3n\u00bb"},"content":{"rendered":"<p style=\"text-align: justify;\"><strong>El pr\u00f3ximo mi\u00e9rcoles 21 de Enero se celebrar\u00e1 el D\u00eda Europeo de la Mediaci\u00f3n.<\/strong> Para celebrarlo y ayudar a la difusi\u00f3n de la mediaci\u00f3n<a href=\"https:\/\/sinfoniamediacion.es\/wp-content\/uploads\/2015\/01\/Haciaunaculturadelamediacion1.png\"><img loading=\"lazy\" decoding=\"async\" class=\"alignright size-medium wp-image-618\" title=\"Haciaunaculturadelamediacion\" src=\"https:\/\/sinfoniamediacion.es\/wp-content\/uploads\/2015\/01\/Haciaunaculturadelamediacion1-300x225.png\" alt=\"\" width=\"300\" height=\"225\" srcset=\"https:\/\/sinfoniamediacion.es\/wp-content\/uploads\/2015\/01\/Haciaunaculturadelamediacion1-300x225.png 300w, https:\/\/sinfoniamediacion.es\/wp-content\/uploads\/2015\/01\/Haciaunaculturadelamediacion1-1024x770.png 1024w\" sizes=\"auto, (max-width: 300px) 100vw, 300px\" \/><\/a> como mecanismo v\u00e1lido para la resoluci\u00f3n de conflictos, desde la Delegaci\u00f3n de Bienestar Social del Ayuntamiento de Jerez y el conjunto de asociaciones que actualmente trabajan en colaboraci\u00f3n para el desarrollo y atenci\u00f3n del Servicio Municipal de Mediaci\u00f3n Familiar se van a desarrollar las <strong>Jornadas gratuitas de sensibilizaci\u00f3n \u00abHacia una cultura de la Mediaci\u00f3n\u00bb que se celebrar\u00e1n el pr\u00f3ximo 21 de Enero en horario de 18.00 a 20.00 en la Casa de las Mujeres, sito en C\/Liebre,<\/strong> de la ciudad de Jerez de la Frontera. La entrada es libre y gratuita para todas aquellas asociaciones interesadas en la mediaci\u00f3n, as\u00ed como para toda la ciudadan\u00eda en general. Con la participaci\u00f3n de Sinfon\u00eda Mediaci\u00f3n, ADR Promedia y Mediante quieren ser un espacio de reflexi\u00f3n en torno a la necesidad de una cultura de la paz y la mediaci\u00f3n, en un mundo que necesita m\u00e1s que nunca del di\u00e1logo y la comunicaci\u00f3n. \u00a1Os esperamos!<\/p>\n","protected":false},"excerpt":{"rendered":"<p>El pr\u00f3ximo mi\u00e9rcoles 21 de Enero se celebrar\u00e1 el D\u00eda Europeo de la Mediaci\u00f3n. Para celebrarlo y ayudar a la difusi\u00f3n de la mediaci\u00f3n como mecanismo v\u00e1lido para la resoluci\u00f3n de conflictos, desde la Delegaci\u00f3n de Bienestar Social del Ayuntamiento de Jerez y el conjunto de asociaciones que actualmente trabajan en colaboraci\u00f3n para el desarrollo &hellip; <a class=\"read-excerpt\" href=\"https:\/\/sinfoniamediacion.es\/?p=616\">Continue reading <span class=\"meta-nav\">&raquo;<\/span><\/a><\/p>\n","protected":false},"author":1,"featured_media":0,"comment_status":"open","ping_status":"closed","sticky":false,"template":"","format":"standard","meta":{"footnotes":""},"categories":[1],"tags":[],"class_list":["post-616","post","type-post","status-publish","format-standard","hentry","category-sin-categoria"],"_links":{"self":[{"href":"https:\/\/sinfoniamediacion.es\/index.php?rest_route=\/wp\/v2\/posts\/616","targetHints":{"allow":["GET"]}}],"collection":[{"href":"https:\/\/sinfoniamediacion.es\/index.php?rest_route=\/wp\/v2\/posts"}],"about":[{"href":"https:\/\/sinfoniamediacion.es\/index.php?rest_route=\/wp\/v2\/types\/post"}],"author":[{"embeddable":true,"href":"https:\/\/sinfoniamediacion.es\/index.php?rest_route=\/wp\/v2\/users\/1"}],"replies":[{"embeddable":true,"href":"https:\/\/sinfoniamediacion.es\/index.php?rest_route=%2Fwp%2Fv2%2Fcomments&post=616"}],"version-history":[{"count":3,"href":"https:\/\/sinfoniamediacion.es\/index.php?rest_route=\/wp\/v2\/posts\/616\/revisions"}],"predecessor-version":[{"id":621,"href":"https:\/\/sinfoniamediacion.es\/index.php?rest_route=\/wp\/v2\/posts\/616\/revisions\/621"}],"wp:attachment":[{"href":"https:\/\/sinfoniamediacion.es\/index.php?rest_route=%2Fwp%2Fv2%2Fmedia&parent=616"}],"wp:term":[{"taxonomy":"category","embeddable":true,"href":"https:\/\/sinfoniamediacion.es\/index.php?rest_route=%2Fwp%2Fv2%2Fcategories&post=616"},{"taxonomy":"post_tag","embeddable":true,"href":"https:\/\/sinfoniamediacion.es\/index.php?rest_route=%2Fwp%2Fv2%2Ftags&post=616"}],"curies":[{"name":"wp","href":"https:\/\/api.w.org\/{rel}","templated":true}]}}