{"id":545,"date":"2014-04-01T08:54:56","date_gmt":"2014-04-01T08:54:56","guid":{"rendered":"https:\/\/www.sinfoniamediacion.es\/?p=545"},"modified":"2014-04-01T08:54:56","modified_gmt":"2014-04-01T08:54:56","slug":"taller-para-familiascoeducacion-mediacion","status":"publish","type":"post","link":"https:\/\/sinfoniamediacion.es\/?p=545","title":{"rendered":"Taller para familias:coeducaci\u00f3n &#038; mediaci\u00f3n"},"content":{"rendered":"<p>&nbsp;<\/p>\n<div>Ho comienzan los <strong>Talleres para Familias y Escuela sobre Mediaci\u00f3n e Igualdad<\/strong>, dentro del programa de <strong>Coeducaci\u00f3n y Mediaci\u00f3n.<\/strong><\/div>\n<div>\u00a0<a href=\"https:\/\/sinfoniamediacion.es\/wp-content\/uploads\/2014\/04\/CARTEL-TALLER-COEDUCACION-2014.jpg\"><img loading=\"lazy\" decoding=\"async\" class=\"alignright size-medium wp-image-546\" title=\"CARTEL TALLER COEDUCACION 2014\" src=\"https:\/\/sinfoniamediacion.es\/wp-content\/uploads\/2014\/04\/CARTEL-TALLER-COEDUCACION-2014-191x300.jpg\" alt=\"\" width=\"191\" height=\"300\" srcset=\"https:\/\/sinfoniamediacion.es\/wp-content\/uploads\/2014\/04\/CARTEL-TALLER-COEDUCACION-2014-191x300.jpg 191w, https:\/\/sinfoniamediacion.es\/wp-content\/uploads\/2014\/04\/CARTEL-TALLER-COEDUCACION-2014-654x1024.jpg 654w, https:\/\/sinfoniamediacion.es\/wp-content\/uploads\/2014\/04\/CARTEL-TALLER-COEDUCACION-2014.jpg 696w\" sizes=\"auto, (max-width: 191px) 100vw, 191px\" \/><\/a><\/div>\n<div>Estos talleres tendr\u00e1n lugar,hoy,d\u00eda 1\u00a0 de abril y el pr\u00f3ximo 8 de abril, en horario de tarde (de 17:00 a 19:00 horas), en el Sal\u00f3n de Actos del Colegio P\u00edo XII de Jerez de la Frontera.<\/div>\n<div>\u00a0<\/div>\n<div>Con el fin de conseguir mejorar los resultados de participaci\u00f3n del a\u00f1o pasado, ponemos a disposici\u00f3n de las familias un servicio de ludoteca durante la celebraci\u00f3n de los talleres como recurso de conciliaci\u00f3n.<\/div>\n<div>\u00a0<\/div>\n<div>Esperamos tu asistencia.<\/div>\n","protected":false},"excerpt":{"rendered":"<p>&nbsp; Ho comienzan los Talleres para Familias y Escuela sobre Mediaci\u00f3n e Igualdad, dentro del programa de Coeducaci\u00f3n y Mediaci\u00f3n. \u00a0 Estos talleres tendr\u00e1n lugar,hoy,d\u00eda 1\u00a0 de abril y el pr\u00f3ximo 8 de abril, en horario de tarde (de 17:00 a 19:00 horas), en el Sal\u00f3n de Actos del Colegio P\u00edo XII de Jerez de &hellip; <a class=\"read-excerpt\" href=\"https:\/\/sinfoniamediacion.es\/?p=545\">Continue reading <span class=\"meta-nav\">&raquo;<\/span><\/a><\/p>\n","protected":false},"author":1,"featured_media":0,"comment_status":"open","ping_status":"closed","sticky":false,"template":"","format":"standard","meta":{"footnotes":""},"categories":[1],"tags":[],"class_list":["post-545","post","type-post","status-publish","format-standard","hentry","category-sin-categoria"],"_links":{"self":[{"href":"https:\/\/sinfoniamediacion.es\/index.php?rest_route=\/wp\/v2\/posts\/545","targetHints":{"allow":["GET"]}}],"collection":[{"href":"https:\/\/sinfoniamediacion.es\/index.php?rest_route=\/wp\/v2\/posts"}],"about":[{"href":"https:\/\/sinfoniamediacion.es\/index.php?rest_route=\/wp\/v2\/types\/post"}],"author":[{"embeddable":true,"href":"https:\/\/sinfoniamediacion.es\/index.php?rest_route=\/wp\/v2\/users\/1"}],"replies":[{"embeddable":true,"href":"https:\/\/sinfoniamediacion.es\/index.php?rest_route=%2Fwp%2Fv2%2Fcomments&post=545"}],"version-history":[{"count":2,"href":"https:\/\/sinfoniamediacion.es\/index.php?rest_route=\/wp\/v2\/posts\/545\/revisions"}],"predecessor-version":[{"id":548,"href":"https:\/\/sinfoniamediacion.es\/index.php?rest_route=\/wp\/v2\/posts\/545\/revisions\/548"}],"wp:attachment":[{"href":"https:\/\/sinfoniamediacion.es\/index.php?rest_route=%2Fwp%2Fv2%2Fmedia&parent=545"}],"wp:term":[{"taxonomy":"category","embeddable":true,"href":"https:\/\/sinfoniamediacion.es\/index.php?rest_route=%2Fwp%2Fv2%2Fcategories&post=545"},{"taxonomy":"post_tag","embeddable":true,"href":"https:\/\/sinfoniamediacion.es\/index.php?rest_route=%2Fwp%2Fv2%2Ftags&post=545"}],"curies":[{"name":"wp","href":"https:\/\/api.w.org\/{rel}","templated":true}]}}